{"id":2426,"date":"2020-12-01T10:26:49","date_gmt":"2020-12-01T08:26:49","guid":{"rendered":"https:\/\/schule-an-der-isebek.hamburg.de\/?p=2426"},"modified":"2020-12-01T10:26:49","modified_gmt":"2020-12-01T08:26:49","slug":"foerderkonzept","status":"publish","type":"post","link":"https:\/\/schule-an-der-isebek.hamburg.de\/?p=2426","title":{"rendered":"F\u00f6rderkonzept"},"content":{"rendered":"<p><span style=\"font-size: 11.0pt;font-family: 'Arial',sans-serif\">Unser Anliegen ist es, f\u00fcr jede Sch\u00fclerin und jeden Sch\u00fcler Bedingungen f\u00fcr erfolgreiches Lernen zu schaffen. Das bedeutet, die Sch\u00fclerinnen und Sch\u00fcler in dem ernst zu nehmen, was sie sind, n\u00e4mlich unterschiedlich. Neben der Differenzierung im Unterricht bieten wir zur F\u00f6rderung von Begabungen verschiedene Angebote an und bieten Unterst\u00fctzung bei Lernschwierigkeiten, die entweder am Unterrichtsvormittag oder am Nachmittag stattfindet. Das F\u00f6rderkonzept legt alle F\u00f6rder- und Forderma\u00dfnahmen sowie die damit verbundenen schulischen Abl\u00e4ufe dar.<\/span><\/p>\n<p><span style=\"font-size: 11.0pt;font-family: 'Arial',sans-serif\">Bei R\u00fcckfragen wenden Sie sich gerne an unsere F\u00f6rderkoordinatorin Frau Bente Petersen.<\/span><\/p>\n<p><a href=\"https:\/\/schule-an-der-isebek.hamburg.de\/wp-content\/uploads\/sites\/116\/2020\/12\/Foerderkonzept.pdf\" target=\"_blank\" rel=\"noopener noreferrer\">PDF F\u00f6rderkonzept\u00a0 \u00a0(25 Seiten)<\/a><\/p>\n","protected":false},"excerpt":{"rendered":"<p>Unser Anliegen ist es, f\u00fcr jede Sch\u00fclerin und jeden Sch\u00fcler Bedingungen f\u00fcr erfolgreiches Lernen zu schaffen. Das bedeutet, die Sch\u00fclerinnen und Sch\u00fcler in dem ernst zu nehmen, was sie sind, n\u00e4mlich unterschiedlich. Neben der Differenzierung im Unterricht bieten wir zur F\u00f6rderung von Begabungen verschiedene Angebote an und bieten Unterst\u00fctzung bei Lernschwierigkeiten, die entweder am Unterrichtsvormittag &hellip; <\/p>\n<p class=\"link-more\"><a href=\"https:\/\/schule-an-der-isebek.hamburg.de\/?p=2426\" class=\"more-link\"><span class=\"screen-reader-text\">\u201eF\u00f6rderkonzept\u201c <\/span>weiterlesen<\/a><\/p>\n","protected":false},"author":1244,"featured_media":0,"comment_status":"closed","ping_status":"closed","sticky":false,"template":"","format":"standard","meta":{"_acf_changed":false,"footnotes":""},"categories":[1],"tags":[],"class_list":["post-2426","post","type-post","status-publish","format-standard","hentry","category-allgemein"],"acf":[],"_links":{"self":[{"href":"https:\/\/schule-an-der-isebek.hamburg.de\/index.php?rest_route=\/wp\/v2\/posts\/2426","targetHints":{"allow":["GET"]}}],"collection":[{"href":"https:\/\/schule-an-der-isebek.hamburg.de\/index.php?rest_route=\/wp\/v2\/posts"}],"about":[{"href":"https:\/\/schule-an-der-isebek.hamburg.de\/index.php?rest_route=\/wp\/v2\/types\/post"}],"author":[{"embeddable":true,"href":"https:\/\/schule-an-der-isebek.hamburg.de\/index.php?rest_route=\/wp\/v2\/users\/1244"}],"replies":[{"embeddable":true,"href":"https:\/\/schule-an-der-isebek.hamburg.de\/index.php?rest_route=%2Fwp%2Fv2%2Fcomments&post=2426"}],"version-history":[{"count":1,"href":"https:\/\/schule-an-der-isebek.hamburg.de\/index.php?rest_route=\/wp\/v2\/posts\/2426\/revisions"}],"predecessor-version":[{"id":2428,"href":"https:\/\/schule-an-der-isebek.hamburg.de\/index.php?rest_route=\/wp\/v2\/posts\/2426\/revisions\/2428"}],"wp:attachment":[{"href":"https:\/\/schule-an-der-isebek.hamburg.de\/index.php?rest_route=%2Fwp%2Fv2%2Fmedia&parent=2426"}],"wp:term":[{"taxonomy":"category","embeddable":true,"href":"https:\/\/schule-an-der-isebek.hamburg.de\/index.php?rest_route=%2Fwp%2Fv2%2Fcategories&post=2426"},{"taxonomy":"post_tag","embeddable":true,"href":"https:\/\/schule-an-der-isebek.hamburg.de\/index.php?rest_route=%2Fwp%2Fv2%2Ftags&post=2426"}],"curies":[{"name":"wp","href":"https:\/\/api.w.org\/{rel}","templated":true}]}}