{"id":4805,"date":"2025-11-06T10:50:08","date_gmt":"2025-11-06T08:50:08","guid":{"rendered":"https:\/\/schule-an-der-isebek.hamburg.de\/?p=4805"},"modified":"2026-04-15T11:37:58","modified_gmt":"2026-04-15T09:37:58","slug":"heute-laternenlauf-ab-17-uhr","status":"publish","type":"post","link":"https:\/\/schule-an-der-isebek.hamburg.de\/?p=4805","title":{"rendered":"Laternenfest"},"content":{"rendered":"<p>Liebe Eltern,<br \/>\nin Vorbereitung auf unseren Laternenlauf zu St. Martin m\u00f6chten wir Ihnen die wichtigsten Informationen zum Ablauf und zur Organisation mitteilen, damit am Veranstaltungstag alles reibungslos gelingt.<\/p>\n<p><strong>Start auf dem Schulhof der Bundesstra\u00dfe um 17 Uhr<\/strong><\/p>\n<p>Um 17 Uhr beginnt unser Laternenfest mit dem gemeinsamen Lied \u201eDurch die Stra\u00dfen auf und nieder\u201c. Die Chorkinder unterst\u00fctzen beim Gesang auf der Treppe.<\/p>\n<p>Die genaue Aufstellung der Klassen auf dem Schulhof sieht wie folgt aus:<\/p>\n<ul>\n<li style=\"list-style-type: none\">\n<ul>\n<li><strong style=\"font-size: 1rem\">Vorschule:<\/strong><span style=\"font-size: 1rem\">&nbsp;bei den Fahrradst\u00e4ndern<\/span><\/li>\n<li><strong>Jahrgang 1:<\/strong>&nbsp;am Spielger\u00e4t<\/li>\n<li><strong>Jahrgang 2:<\/strong>&nbsp;bei der Netzschaukel<\/li>\n<li><strong>Jahrgang 3:<\/strong>&nbsp;an der Treppe<\/li>\n<li><strong>Jahrgang 4:<\/strong>&nbsp;bei der Tischtennisplatte<\/li>\n<\/ul>\n<\/li>\n<\/ul>\n<p><strong>Route des Laternenumzugs<\/strong><br \/>\nDer Laternenumzug, begleitet von zwei Verkehrspolizisten, f\u00fchrt uns vom Schulhof an der Bundesstra\u00dfe auf folgender Route: Hohe Weide \u2013 Heymannstra\u00dfe \u2013 entlang des Isebekkanals in Richtung Mansteinerbr\u00fccke und schlie\u00dflich zur Bismarckstra\u00dfe. Auf dem Schulhof an der Bismarckstra\u00dfe versammeln wir uns dann f\u00fcr den Abschluss.<\/p>\n<p><strong>&nbsp;<\/strong><strong>Abschluss auf dem Schulhof Bismarckstra\u00dfe<\/strong><br \/>\nZum Abschluss bildet der Chor einen Kreis in der Mitte, und alle anderen Klassen stellen sich in einem gr\u00f6\u00dferen Kreis \u201etortenm\u00e4\u00dfig\u201c um den Chor. Bitte beachten Sie, dass die Kinder sich in diesem Abschlusskreis ohne Eltern aufstellen, damit es \u00fcbersichtlich bleibt. Es w\u00e4re sch\u00f6n, wenn Sie w\u00e4hrend des Umzugs mit den Kindern kr\u00e4ftig singen und darauf achten, dass jede Klasse zusammenbleibt. Die Liedtexte sende ich Ihnen anbei, damit wir alle gemeinsam kr\u00e4ftig mitsingen k\u00f6nnen.&nbsp;<\/p>\n<p><strong>&nbsp;<\/strong><strong>Unterst\u00fctzung beim Laternenlauf<\/strong><br \/>\nDa rund 400 Kinder an unserer Schule teilnehmen und viele Eltern und Geschwister dabei sein werden, freuen wir uns \u00fcber Ihre Mithilfe. Sie k\u00f6nnen uns zum Beispiel unterst\u00fctzen, indem Sie auf dem Schulhof f\u00fcr \u00dcbersicht sorgen oder beim Umzug darauf achten, dass die Gruppen zusammenbleiben. Besonders sch\u00f6n w\u00e4re es, wenn auch in diesem Jahr wieder Weckm\u00e4nner beigesteuert werden. Das war im vergangenen Jahr eine sehr sch\u00f6ne Aktion und hat den Gedanken des Teilens f\u00fcr alle sp\u00fcrbar werden lassen. Das Rezept des Elternrats finden Sie hier:&nbsp; &nbsp;<a href=\"https:\/\/schule-an-der-isebek.hamburg.de\/wp-content\/uploads\/sites\/116\/2025\/11\/Hefeteigrezept.pdf\">Hefeteigrezept<\/a><\/p>\n<p>Wir freuen uns auf ein stimmungsvolles Laternenfest mit Ihnen und Ihren Kindern.<\/p>\n<p>Viele Gr\u00fc\u00dfe<\/p>\n<p>Dennis Frey<\/p>\n<p>&nbsp;<\/p>\n","protected":false},"excerpt":{"rendered":"<p>Liebe Eltern, in Vorbereitung auf unseren Laternenlauf zu St. Martin m\u00f6chten wir Ihnen die wichtigsten Informationen zum Ablauf und zur Organisation mitteilen, damit am Veranstaltungstag alles reibungslos gelingt. Start auf dem Schulhof der Bundesstra\u00dfe um 17 Uhr Um 17 Uhr beginnt unser Laternenfest mit dem gemeinsamen Lied \u201eDurch die Stra\u00dfen auf und nieder\u201c. Die Chorkinder &hellip; <\/p>\n<p class=\"link-more\"><a href=\"https:\/\/schule-an-der-isebek.hamburg.de\/?p=4805\" class=\"more-link\"><span class=\"screen-reader-text\">\u201eLaternenfest\u201c <\/span>weiterlesen<\/a><\/p>\n","protected":false},"author":1244,"featured_media":4806,"comment_status":"closed","ping_status":"closed","sticky":false,"template":"","format":"standard","meta":{"_acf_changed":false,"footnotes":""},"categories":[1],"tags":[],"class_list":["post-4805","post","type-post","status-publish","format-standard","has-post-thumbnail","hentry","category-allgemein"],"acf":[],"_links":{"self":[{"href":"https:\/\/schule-an-der-isebek.hamburg.de\/index.php?rest_route=\/wp\/v2\/posts\/4805","targetHints":{"allow":["GET"]}}],"collection":[{"href":"https:\/\/schule-an-der-isebek.hamburg.de\/index.php?rest_route=\/wp\/v2\/posts"}],"about":[{"href":"https:\/\/schule-an-der-isebek.hamburg.de\/index.php?rest_route=\/wp\/v2\/types\/post"}],"author":[{"embeddable":true,"href":"https:\/\/schule-an-der-isebek.hamburg.de\/index.php?rest_route=\/wp\/v2\/users\/1244"}],"replies":[{"embeddable":true,"href":"https:\/\/schule-an-der-isebek.hamburg.de\/index.php?rest_route=%2Fwp%2Fv2%2Fcomments&post=4805"}],"version-history":[{"count":9,"href":"https:\/\/schule-an-der-isebek.hamburg.de\/index.php?rest_route=\/wp\/v2\/posts\/4805\/revisions"}],"predecessor-version":[{"id":5268,"href":"https:\/\/schule-an-der-isebek.hamburg.de\/index.php?rest_route=\/wp\/v2\/posts\/4805\/revisions\/5268"}],"wp:featuredmedia":[{"embeddable":true,"href":"https:\/\/schule-an-der-isebek.hamburg.de\/index.php?rest_route=\/wp\/v2\/media\/4806"}],"wp:attachment":[{"href":"https:\/\/schule-an-der-isebek.hamburg.de\/index.php?rest_route=%2Fwp%2Fv2%2Fmedia&parent=4805"}],"wp:term":[{"taxonomy":"category","embeddable":true,"href":"https:\/\/schule-an-der-isebek.hamburg.de\/index.php?rest_route=%2Fwp%2Fv2%2Fcategories&post=4805"},{"taxonomy":"post_tag","embeddable":true,"href":"https:\/\/schule-an-der-isebek.hamburg.de\/index.php?rest_route=%2Fwp%2Fv2%2Ftags&post=4805"}],"curies":[{"name":"wp","href":"https:\/\/api.w.org\/{rel}","templated":true}]}}