{"id":5326,"date":"2026-08-31T09:37:52","date_gmt":"2026-08-31T07:37:52","guid":{"rendered":"https:\/\/schule-an-der-isebek.hamburg.de\/?p=5326"},"modified":"2026-08-31T09:40:18","modified_gmt":"2026-08-31T07:40:18","slug":"informationen-zum-neuen-schuljahr","status":"publish","type":"post","link":"https:\/\/schule-an-der-isebek.hamburg.de\/?p=5326","title":{"rendered":"Informationen zum neuen Schuljahr"},"content":{"rendered":"<p><strong><a href=\"https:\/\/schule-an-der-isebek.hamburg.de\/wp-content\/uploads\/sites\/116\/2022\/12\/SCHULE_AN_DER_ISEBEK_LOGO_COLOR.jpg\" data-rel=\"lightbox\" data-rl_title=\"\" data-rl_caption=\"\" title=\"\"><img loading=\"lazy\" decoding=\"async\" class=\"alignleft  wp-image-3663\" src=\"https:\/\/schule-an-der-isebek.hamburg.de\/wp-content\/uploads\/sites\/116\/2022\/12\/SCHULE_AN_DER_ISEBEK_LOGO_COLOR.jpg\" alt=\"\" width=\"169\" height=\"169\" srcset=\"https:\/\/schule-an-der-isebek.hamburg.de\/wp-content\/uploads\/sites\/116\/2022\/12\/SCHULE_AN_DER_ISEBEK_LOGO_COLOR.jpg 1330w, https:\/\/schule-an-der-isebek.hamburg.de\/wp-content\/uploads\/sites\/116\/2022\/12\/SCHULE_AN_DER_ISEBEK_LOGO_COLOR-300x300.jpg 300w, https:\/\/schule-an-der-isebek.hamburg.de\/wp-content\/uploads\/sites\/116\/2022\/12\/SCHULE_AN_DER_ISEBEK_LOGO_COLOR-1024x1024.jpg 1024w, https:\/\/schule-an-der-isebek.hamburg.de\/wp-content\/uploads\/sites\/116\/2022\/12\/SCHULE_AN_DER_ISEBEK_LOGO_COLOR-150x150.jpg 150w, https:\/\/schule-an-der-isebek.hamburg.de\/wp-content\/uploads\/sites\/116\/2022\/12\/SCHULE_AN_DER_ISEBEK_LOGO_COLOR-768x768.jpg 768w, https:\/\/schule-an-der-isebek.hamburg.de\/wp-content\/uploads\/sites\/116\/2022\/12\/SCHULE_AN_DER_ISEBEK_LOGO_COLOR-100x100.jpg 100w\" sizes=\"auto, (max-width: 169px) 100vw, 169px\" \/><\/a>Willkommensfest am 10. September 2026<\/strong><\/p>\n<p>Liebe Eltern, liebe Kinder,<\/p>\n<p>am Donnerstag, den 10. September 2026, findet von 16 bis 18 Uhr unser Willkommensfest auf dem Schulhof der Bismarckstra\u00dfe statt. Alle Sch\u00fclerinnen und Sch\u00fcler sowie ihre Familien sind dazu eingeladen. Die Klassen bereiten mit ihrer Klassenleitung verschiedene St\u00e4nde und Angebote vor. Zudem soll es Kaffee und Kuchen geben. Um Einweggeschirr zu vermeiden, bringen Sie daf\u00fcr bitte nach M\u00f6glichkeit eigene Becher, Tassen und Teller mit. Wir freuen uns, wenn Sie das Fest mit einer Kuchenspende und\/oder einer Schicht bei der Kuchenausgabe unterst\u00fctzen. Bitte tragen Sie sich daf\u00fcr bis zum <strong>6. September<\/strong> in die Formulare des Elternrates ein:<\/p>\n<p>Kuchenspende: <a href=\"https:\/\/forms.cloud.microsoft\/e\/kA8AeJXyFH\">https:\/\/forms.cloud.microsoft\/e\/kA8AeJXyFH<\/a><\/p>\n<p>Mitarbeit: <a href=\"https:\/\/forms.cloud.microsoft\/e\/4WdL2feXdk\">https:\/\/forms.cloud.microsoft\/e\/4WdL2feXdk<\/a><\/p>\n<p><strong>&nbsp;<\/strong><strong>Elternvollversammlung am 23. September 2026<\/strong><\/p>\n<p>Im Namen des Elternrats lade ich Sie am Mittwoch, den 23. September 2026, um 20 Uhr zur Elternvollversammlung in die Aula der Bismarckstra\u00dfe ein. An diesem Abend werden auch einige Personen neu in den Elternrat der Schule gew\u00e4hlt.<\/p>\n<p><strong>&nbsp;<\/strong><strong>Weitere Termine im \u00dcberblick<\/strong><\/p>\n<ul>\n<li><strong>16. Oktober 2026:<\/strong>&nbsp;Keine Nachmittagsbetreuung. Alle Kinder m\u00fcssen um 13 Uhr abgeholt werden.<\/li>\n<\/ul>\n<ul>\n<li><strong>11. November 2026:<\/strong> Laternenumzug der Schule. Weitere Informationen folgen rechtzeitig.&nbsp; &nbsp; &nbsp; &nbsp; &nbsp; &nbsp; &nbsp; &nbsp; &nbsp; &nbsp; &nbsp; &nbsp; &nbsp; &nbsp; &nbsp; &nbsp; &nbsp; &nbsp; &nbsp; &nbsp; &nbsp; &nbsp; &nbsp; &nbsp; &nbsp; &nbsp; &nbsp; &nbsp; &nbsp; &nbsp; &nbsp; &nbsp; &nbsp; &nbsp; &nbsp; &nbsp; &nbsp; &nbsp; &nbsp; &nbsp; &nbsp; &nbsp; &nbsp; &nbsp; &nbsp; &nbsp; &nbsp; &nbsp; &nbsp; &nbsp; &nbsp; &nbsp; &nbsp; &nbsp; &nbsp; &nbsp; &nbsp; &nbsp; &nbsp; &nbsp; &nbsp; &nbsp; &nbsp; &nbsp; &nbsp; &nbsp; &nbsp; &nbsp; &nbsp; &nbsp;<\/li>\n<li><strong>23. November 2026:<\/strong> Lernentwicklungsgespr\u00e4che (LEG) f\u00fcr den Jahrgang 4. An diesem Tag entf\u00e4llt der Unterricht f\u00fcr die vierten Klassen.<\/li>\n<\/ul>\n<ul>\n<li><strong>7. Dezember 2026:<\/strong>&nbsp;Informationsabend f\u00fcr interessierte Eltern der k\u00fcnftigen Vorschulklassen und ersten Klassen um 19 Uhr. Geben Sie den Termin gerne an andere Familien weiter.<\/li>\n<\/ul>\n<ul>\n<li><strong>28. Januar 2027:<\/strong>&nbsp;Lernentwicklungsgespr\u00e4che (LEG) f\u00fcr die Jahrg\u00e4nge 1 bis 3. Der Unterricht entf\u00e4llt an diesem Tag f\u00fcr diese Jahrg\u00e4nge.<\/li>\n<\/ul>\n<p>Im zweiten Halbjahr stehen zudem verschiedene Sportveranstaltungen an, \u00fcber die wir Sie zu gegebener Zeit informieren. Au\u00dferdem ist ein p\u00e4dagogischer Jahrestag f\u00fcr die Lehrkr\u00e4fte vorgesehen. Sobald der Termin endg\u00fcltig abgestimmt ist (voraussichtlich am 15. M\u00e4rz oder 5. Mai 2027), teilen wir Ihnen diesen zeitnah mit.<\/p>\n<p>Ich w\u00fcnsche Ihnen und Ihren Kindern einen guten Start in das neue Schuljahr.<\/p>\n<p>Herzliche Gr\u00fc\u00dfe<\/p>\n<p>Dennis Frey<\/p>\n<p>Schulleiter<\/p>\n","protected":false},"excerpt":{"rendered":"<p>Willkommensfest am 10. September 2026 Liebe Eltern, liebe Kinder, am Donnerstag, den 10. September 2026, findet von 16 bis 18 Uhr unser Willkommensfest auf dem Schulhof der Bismarckstra\u00dfe statt. Alle Sch\u00fclerinnen und Sch\u00fcler sowie ihre Familien sind dazu eingeladen. Die Klassen bereiten mit ihrer Klassenleitung verschiedene St\u00e4nde und Angebote vor. Zudem soll es Kaffee und &hellip; <\/p>\n<p class=\"link-more\"><a href=\"https:\/\/schule-an-der-isebek.hamburg.de\/?p=5326\" class=\"more-link\"><span class=\"screen-reader-text\">\u201eInformationen zum neuen Schuljahr\u201c <\/span>weiterlesen<\/a><\/p>\n","protected":false},"author":1244,"featured_media":0,"comment_status":"closed","ping_status":"closed","sticky":false,"template":"","format":"standard","meta":{"_acf_changed":false,"footnotes":""},"categories":[1],"tags":[],"class_list":["post-5326","post","type-post","status-publish","format-standard","hentry","category-allgemein"],"acf":[],"_links":{"self":[{"href":"https:\/\/schule-an-der-isebek.hamburg.de\/index.php?rest_route=\/wp\/v2\/posts\/5326","targetHints":{"allow":["GET"]}}],"collection":[{"href":"https:\/\/schule-an-der-isebek.hamburg.de\/index.php?rest_route=\/wp\/v2\/posts"}],"about":[{"href":"https:\/\/schule-an-der-isebek.hamburg.de\/index.php?rest_route=\/wp\/v2\/types\/post"}],"author":[{"embeddable":true,"href":"https:\/\/schule-an-der-isebek.hamburg.de\/index.php?rest_route=\/wp\/v2\/users\/1244"}],"replies":[{"embeddable":true,"href":"https:\/\/schule-an-der-isebek.hamburg.de\/index.php?rest_route=%2Fwp%2Fv2%2Fcomments&post=5326"}],"version-history":[{"count":3,"href":"https:\/\/schule-an-der-isebek.hamburg.de\/index.php?rest_route=\/wp\/v2\/posts\/5326\/revisions"}],"predecessor-version":[{"id":5329,"href":"https:\/\/schule-an-der-isebek.hamburg.de\/index.php?rest_route=\/wp\/v2\/posts\/5326\/revisions\/5329"}],"wp:attachment":[{"href":"https:\/\/schule-an-der-isebek.hamburg.de\/index.php?rest_route=%2Fwp%2Fv2%2Fmedia&parent=5326"}],"wp:term":[{"taxonomy":"category","embeddable":true,"href":"https:\/\/schule-an-der-isebek.hamburg.de\/index.php?rest_route=%2Fwp%2Fv2%2Fcategories&post=5326"},{"taxonomy":"post_tag","embeddable":true,"href":"https:\/\/schule-an-der-isebek.hamburg.de\/index.php?rest_route=%2Fwp%2Fv2%2Ftags&post=5326"}],"curies":[{"name":"wp","href":"https:\/\/api.w.org\/{rel}","templated":true}]}}